{"id":3666,"date":"2024-10-03T11:29:58","date_gmt":"2024-10-03T09:29:58","guid":{"rendered":"https:\/\/lajara.it\/i-nostri-vini-degustati-da-luca-maroni\/"},"modified":"2024-12-16T11:07:39","modified_gmt":"2024-12-16T10:07:39","slug":"i-nostri-vini-degustati-da-luca-maroni","status":"publish","type":"post","link":"https:\/\/lajara.it\/fr\/i-nostri-vini-degustati-da-luca-maroni\/","title":{"rendered":"Nos vins not\u00e9s par Luca Maroni"},"content":{"rendered":"\n<p>Nous venons de recevoir les r\u00e9sultats de la derni\u00e8re d\u00e9gustation men\u00e9e par Luca Maroni, qui n&rsquo;est autre que l&rsquo;un des critiques de vin les plus renomm\u00e9s d&rsquo;Italie.<\/p>\n\n\n\n<p>Les retours que nous avons re\u00e7us r\u00e9compensent notre engagement, \u00e9tant donn\u00e9 que toute la gamme de vins La Jara, p\u00e9tillants ou non, ont obtenu d&rsquo;excellents scores.<\/p>\n\n\n\n<p>Notre derni\u00e8re cr\u00e9ation, le <a href=\"https:\/\/lajara.it\/fr\/produit\/pinot-noir-blanc-de-noir\/\">Pinot Noir Spumante Blanc de Noir Brut Nature<\/a>, est sorti du lot en obtenant le superbe score de 95 points sur 99, suivi de pr\u00e8s par le <a href=\"https:\/\/lajara.it\/fr\/produit\/pinot-grigio-doc-delle-venezie\/\">Pinot Grigio DOC delle Venezie<\/a> et le\u00a0<a href=\"https:\/\/lajara.it\/fr\/produit\/prosecco-doc-rose-spumante-brut-millesimato\/\">Prosecco DOC Ros\u00e9 Spumante Brut<\/a>.<\/p>\n\n\n\n<p>Ce r\u00e9sultat nous enchante \u00e9tant donn\u00e9 qu&rsquo;il s&rsquo;agit de la meilleure forme de r\u00e9mun\u00e9ration possible pour le d\u00e9fi que constitue la production de vins biologiques, activit\u00e9 \u00e0 laquelle nous nous consacrons depuis 25 ans maintenant.<\/p>\n\n\n\n<p>Vous trouverez la liste compl\u00e8te des vins not\u00e9s par Luca Maroni dans la cat\u00e9gorie \u00ab&nbsp;Vins&nbsp;\u00bb de notre site Internet&nbsp;!<\/p>\n\n\n\n<p><\/p>\n","protected":false},"excerpt":{"rendered":"<p>Nous venons de recevoir les r\u00e9sultats de la derni\u00e8re d\u00e9gustation men\u00e9e par Luca Maroni, qui n&rsquo;est autre que l&rsquo;un des critiques de vin les plus renomm\u00e9s d&rsquo;Italie. Les retours que nous avons re\u00e7us r\u00e9compensent notre engagement, \u00e9tant donn\u00e9 que toute la gamme de vins La Jara, p\u00e9tillants ou non, ont obtenu d&rsquo;excellents scores. Notre derni\u00e8re &hellip; <a href=\"https:\/\/lajara.it\/fr\/i-nostri-vini-degustati-da-luca-maroni\/\">Continued<\/a><\/p>\n","protected":false},"author":4,"featured_media":3535,"comment_status":"closed","ping_status":"closed","sticky":false,"template":"","format":"standard","meta":{"footnotes":""},"categories":[57],"tags":[341,264,89,342,343,344,345,346,347,348],"class_list":["post-3666","post","type-post","status-publish","format-standard","has-post-thumbnail","hentry","category-news-events-en-fr","tag-brut-fr","tag-brut-nature-fr","tag-degustazione-fr","tag-degustazione-vini-fr","tag-luca-maroni-fr","tag-pinot-grigio-fr","tag-pinot-noir-spumante-fr","tag-prosecco-rose-fr","tag-proseco-fr","tag-wine-tasting-3-fr"],"acf":[],"yoast_head":"<!-- This site is optimized with the Yoast SEO plugin v21.7 - https:\/\/yoast.com\/wordpress\/plugins\/seo\/ -->\n<title>Nos vins not\u00e9s par Luca Maroni | La Jara<\/title>\n<meta name=\"robots\" content=\"index, follow, max-snippet:-1, max-image-preview:large, max-video-preview:-1\" \/>\n<link rel=\"canonical\" href=\"https:\/\/lajara.it\/fr\/i-nostri-vini-degustati-da-luca-maroni\/\" \/>\n<meta property=\"og:locale\" content=\"fr_FR\" \/>\n<meta property=\"og:type\" content=\"article\" \/>\n<meta property=\"og:title\" content=\"Nos vins not\u00e9s par Luca Maroni | La Jara\" \/>\n<meta property=\"og:description\" content=\"Nous venons de recevoir les r\u00e9sultats de la derni\u00e8re d\u00e9gustation men\u00e9e par Luca Maroni, qui n&rsquo;est autre que l&rsquo;un des critiques de vin les plus renomm\u00e9s d&rsquo;Italie. Les retours que nous avons re\u00e7us r\u00e9compensent notre engagement, \u00e9tant donn\u00e9 que toute la gamme de vins La Jara, p\u00e9tillants ou non, ont obtenu d&rsquo;excellents scores. Notre derni\u00e8re &hellip; Continued\" \/>\n<meta property=\"og:url\" content=\"https:\/\/lajara.it\/fr\/i-nostri-vini-degustati-da-luca-maroni\/\" \/>\n<meta property=\"og:site_name\" content=\"La Jara\" \/>\n<meta property=\"article:published_time\" content=\"2024-10-03T09:29:58+00:00\" \/>\n<meta property=\"article:modified_time\" content=\"2024-12-16T10:07:39+00:00\" \/>\n<meta property=\"og:image\" content=\"https:\/\/lajara.it\/wp-content\/uploads\/2024\/10\/lucamaroni-24.jpg\" \/>\n\t<meta property=\"og:image:width\" content=\"900\" \/>\n\t<meta property=\"og:image:height\" content=\"600\" \/>\n\t<meta property=\"og:image:type\" content=\"image\/jpeg\" \/>\n<meta name=\"author\" content=\"Chiara Fantin\" \/>\n<meta name=\"twitter:card\" content=\"summary_large_image\" \/>\n<meta name=\"twitter:label1\" content=\"\u00c9crit par\" \/>\n\t<meta name=\"twitter:data1\" content=\"Chiara Fantin\" \/>\n\t<meta name=\"twitter:label2\" content=\"Dur\u00e9e de lecture estim\u00e9e\" \/>\n\t<meta name=\"twitter:data2\" content=\"1 minute\" \/>\n<script type=\"application\/ld+json\" class=\"yoast-schema-graph\">{\"@context\":\"https:\/\/schema.org\",\"@graph\":[{\"@type\":\"Article\",\"@id\":\"https:\/\/lajara.it\/fr\/i-nostri-vini-degustati-da-luca-maroni\/#article\",\"isPartOf\":{\"@id\":\"https:\/\/lajara.it\/fr\/i-nostri-vini-degustati-da-luca-maroni\/\"},\"author\":{\"name\":\"Chiara Fantin\",\"@id\":\"https:\/\/lajara.it\/fr\/#\/schema\/person\/41eefbc964885975a79771677fd1e541\"},\"headline\":\"Nos vins not\u00e9s par Luca Maroni\",\"datePublished\":\"2024-10-03T09:29:58+00:00\",\"dateModified\":\"2024-12-16T10:07:39+00:00\",\"mainEntityOfPage\":{\"@id\":\"https:\/\/lajara.it\/fr\/i-nostri-vini-degustati-da-luca-maroni\/\"},\"wordCount\":174,\"publisher\":{\"@id\":\"https:\/\/lajara.it\/fr\/#organization\"},\"keywords\":[\"brut\",\"brut nature\",\"degustazione\",\"degustazione vini\",\"luca maroni\",\"pinot grigio\",\"pinot noir spumante\",\"prosecco ros\u00e9\",\"proseco\",\"wine tasting\"],\"articleSection\":[\"News &amp; Events\"],\"inLanguage\":\"fr-FR\"},{\"@type\":\"WebPage\",\"@id\":\"https:\/\/lajara.it\/fr\/i-nostri-vini-degustati-da-luca-maroni\/\",\"url\":\"https:\/\/lajara.it\/fr\/i-nostri-vini-degustati-da-luca-maroni\/\",\"name\":\"Nos vins not\u00e9s par Luca Maroni | La Jara\",\"isPartOf\":{\"@id\":\"https:\/\/lajara.it\/fr\/#website\"},\"datePublished\":\"2024-10-03T09:29:58+00:00\",\"dateModified\":\"2024-12-16T10:07:39+00:00\",\"breadcrumb\":{\"@id\":\"https:\/\/lajara.it\/fr\/i-nostri-vini-degustati-da-luca-maroni\/#breadcrumb\"},\"inLanguage\":\"fr-FR\",\"potentialAction\":[{\"@type\":\"ReadAction\",\"target\":[\"https:\/\/lajara.it\/fr\/i-nostri-vini-degustati-da-luca-maroni\/\"]}]},{\"@type\":\"BreadcrumbList\",\"@id\":\"https:\/\/lajara.it\/fr\/i-nostri-vini-degustati-da-luca-maroni\/#breadcrumb\",\"itemListElement\":[{\"@type\":\"ListItem\",\"position\":1,\"name\":\"Home\",\"item\":\"https:\/\/lajara.it\/fr\/\"},{\"@type\":\"ListItem\",\"position\":2,\"name\":\"Nos vins not\u00e9s par Luca Maroni\"}]},{\"@type\":\"WebSite\",\"@id\":\"https:\/\/lajara.it\/fr\/#website\",\"url\":\"https:\/\/lajara.it\/fr\/\",\"name\":\"La Jara\",\"description\":\"Dedizione e passione al servizio della terra\",\"publisher\":{\"@id\":\"https:\/\/lajara.it\/fr\/#organization\"},\"potentialAction\":[{\"@type\":\"SearchAction\",\"target\":{\"@type\":\"EntryPoint\",\"urlTemplate\":\"https:\/\/lajara.it\/fr\/?s={search_term_string}\"},\"query-input\":\"required name=search_term_string\"}],\"inLanguage\":\"fr-FR\"},{\"@type\":\"Organization\",\"@id\":\"https:\/\/lajara.it\/fr\/#organization\",\"name\":\"La Jara\",\"url\":\"https:\/\/lajara.it\/fr\/\",\"logo\":{\"@type\":\"ImageObject\",\"inLanguage\":\"fr-FR\",\"@id\":\"https:\/\/lajara.it\/fr\/#\/schema\/logo\/image\/\",\"url\":\"https:\/\/lajara.it\/wp-content\/uploads\/2023\/12\/logo-1.png\",\"contentUrl\":\"https:\/\/lajara.it\/wp-content\/uploads\/2023\/12\/logo-1.png\",\"width\":780,\"height\":780,\"caption\":\"La Jara\"},\"image\":{\"@id\":\"https:\/\/lajara.it\/fr\/#\/schema\/logo\/image\/\"}},{\"@type\":\"Person\",\"@id\":\"https:\/\/lajara.it\/fr\/#\/schema\/person\/41eefbc964885975a79771677fd1e541\",\"name\":\"Chiara Fantin\",\"image\":{\"@type\":\"ImageObject\",\"inLanguage\":\"fr-FR\",\"@id\":\"https:\/\/lajara.it\/fr\/#\/schema\/person\/image\/\",\"url\":\"https:\/\/secure.gravatar.com\/avatar\/d88e66867852cd372520eeb9b2e4e3b3ce6ef02a3053b302026a3442d7974fb5?s=96&d=mm&r=g\",\"contentUrl\":\"https:\/\/secure.gravatar.com\/avatar\/d88e66867852cd372520eeb9b2e4e3b3ce6ef02a3053b302026a3442d7974fb5?s=96&d=mm&r=g\",\"caption\":\"Chiara Fantin\"}}]}<\/script>\n<!-- \/ Yoast SEO plugin. -->","yoast_head_json":{"title":"Nos vins not\u00e9s par Luca Maroni | La Jara","robots":{"index":"index","follow":"follow","max-snippet":"max-snippet:-1","max-image-preview":"max-image-preview:large","max-video-preview":"max-video-preview:-1"},"canonical":"https:\/\/lajara.it\/fr\/i-nostri-vini-degustati-da-luca-maroni\/","og_locale":"fr_FR","og_type":"article","og_title":"Nos vins not\u00e9s par Luca Maroni | La Jara","og_description":"Nous venons de recevoir les r\u00e9sultats de la derni\u00e8re d\u00e9gustation men\u00e9e par Luca Maroni, qui n&rsquo;est autre que l&rsquo;un des critiques de vin les plus renomm\u00e9s d&rsquo;Italie. Les retours que nous avons re\u00e7us r\u00e9compensent notre engagement, \u00e9tant donn\u00e9 que toute la gamme de vins La Jara, p\u00e9tillants ou non, ont obtenu d&rsquo;excellents scores. Notre derni\u00e8re &hellip; Continued","og_url":"https:\/\/lajara.it\/fr\/i-nostri-vini-degustati-da-luca-maroni\/","og_site_name":"La Jara","article_published_time":"2024-10-03T09:29:58+00:00","article_modified_time":"2024-12-16T10:07:39+00:00","og_image":[{"width":900,"height":600,"url":"https:\/\/lajara.it\/wp-content\/uploads\/2024\/10\/lucamaroni-24.jpg","type":"image\/jpeg"}],"author":"Chiara Fantin","twitter_card":"summary_large_image","twitter_misc":{"\u00c9crit par":"Chiara Fantin","Dur\u00e9e de lecture estim\u00e9e":"1 minute"},"schema":{"@context":"https:\/\/schema.org","@graph":[{"@type":"Article","@id":"https:\/\/lajara.it\/fr\/i-nostri-vini-degustati-da-luca-maroni\/#article","isPartOf":{"@id":"https:\/\/lajara.it\/fr\/i-nostri-vini-degustati-da-luca-maroni\/"},"author":{"name":"Chiara Fantin","@id":"https:\/\/lajara.it\/fr\/#\/schema\/person\/41eefbc964885975a79771677fd1e541"},"headline":"Nos vins not\u00e9s par Luca Maroni","datePublished":"2024-10-03T09:29:58+00:00","dateModified":"2024-12-16T10:07:39+00:00","mainEntityOfPage":{"@id":"https:\/\/lajara.it\/fr\/i-nostri-vini-degustati-da-luca-maroni\/"},"wordCount":174,"publisher":{"@id":"https:\/\/lajara.it\/fr\/#organization"},"keywords":["brut","brut nature","degustazione","degustazione vini","luca maroni","pinot grigio","pinot noir spumante","prosecco ros\u00e9","proseco","wine tasting"],"articleSection":["News &amp; Events"],"inLanguage":"fr-FR"},{"@type":"WebPage","@id":"https:\/\/lajara.it\/fr\/i-nostri-vini-degustati-da-luca-maroni\/","url":"https:\/\/lajara.it\/fr\/i-nostri-vini-degustati-da-luca-maroni\/","name":"Nos vins not\u00e9s par Luca Maroni | La Jara","isPartOf":{"@id":"https:\/\/lajara.it\/fr\/#website"},"datePublished":"2024-10-03T09:29:58+00:00","dateModified":"2024-12-16T10:07:39+00:00","breadcrumb":{"@id":"https:\/\/lajara.it\/fr\/i-nostri-vini-degustati-da-luca-maroni\/#breadcrumb"},"inLanguage":"fr-FR","potentialAction":[{"@type":"ReadAction","target":["https:\/\/lajara.it\/fr\/i-nostri-vini-degustati-da-luca-maroni\/"]}]},{"@type":"BreadcrumbList","@id":"https:\/\/lajara.it\/fr\/i-nostri-vini-degustati-da-luca-maroni\/#breadcrumb","itemListElement":[{"@type":"ListItem","position":1,"name":"Home","item":"https:\/\/lajara.it\/fr\/"},{"@type":"ListItem","position":2,"name":"Nos vins not\u00e9s par Luca Maroni"}]},{"@type":"WebSite","@id":"https:\/\/lajara.it\/fr\/#website","url":"https:\/\/lajara.it\/fr\/","name":"La Jara","description":"Dedizione e passione al servizio della terra","publisher":{"@id":"https:\/\/lajara.it\/fr\/#organization"},"potentialAction":[{"@type":"SearchAction","target":{"@type":"EntryPoint","urlTemplate":"https:\/\/lajara.it\/fr\/?s={search_term_string}"},"query-input":"required name=search_term_string"}],"inLanguage":"fr-FR"},{"@type":"Organization","@id":"https:\/\/lajara.it\/fr\/#organization","name":"La Jara","url":"https:\/\/lajara.it\/fr\/","logo":{"@type":"ImageObject","inLanguage":"fr-FR","@id":"https:\/\/lajara.it\/fr\/#\/schema\/logo\/image\/","url":"https:\/\/lajara.it\/wp-content\/uploads\/2023\/12\/logo-1.png","contentUrl":"https:\/\/lajara.it\/wp-content\/uploads\/2023\/12\/logo-1.png","width":780,"height":780,"caption":"La Jara"},"image":{"@id":"https:\/\/lajara.it\/fr\/#\/schema\/logo\/image\/"}},{"@type":"Person","@id":"https:\/\/lajara.it\/fr\/#\/schema\/person\/41eefbc964885975a79771677fd1e541","name":"Chiara Fantin","image":{"@type":"ImageObject","inLanguage":"fr-FR","@id":"https:\/\/lajara.it\/fr\/#\/schema\/person\/image\/","url":"https:\/\/secure.gravatar.com\/avatar\/d88e66867852cd372520eeb9b2e4e3b3ce6ef02a3053b302026a3442d7974fb5?s=96&d=mm&r=g","contentUrl":"https:\/\/secure.gravatar.com\/avatar\/d88e66867852cd372520eeb9b2e4e3b3ce6ef02a3053b302026a3442d7974fb5?s=96&d=mm&r=g","caption":"Chiara Fantin"}}]}},"_links":{"self":[{"href":"https:\/\/lajara.it\/fr\/wp-json\/wp\/v2\/posts\/3666","targetHints":{"allow":["GET"]}}],"collection":[{"href":"https:\/\/lajara.it\/fr\/wp-json\/wp\/v2\/posts"}],"about":[{"href":"https:\/\/lajara.it\/fr\/wp-json\/wp\/v2\/types\/post"}],"author":[{"embeddable":true,"href":"https:\/\/lajara.it\/fr\/wp-json\/wp\/v2\/users\/4"}],"replies":[{"embeddable":true,"href":"https:\/\/lajara.it\/fr\/wp-json\/wp\/v2\/comments?post=3666"}],"version-history":[{"count":1,"href":"https:\/\/lajara.it\/fr\/wp-json\/wp\/v2\/posts\/3666\/revisions"}],"predecessor-version":[{"id":3668,"href":"https:\/\/lajara.it\/fr\/wp-json\/wp\/v2\/posts\/3666\/revisions\/3668"}],"wp:featuredmedia":[{"embeddable":true,"href":"https:\/\/lajara.it\/fr\/wp-json\/wp\/v2\/media\/3535"}],"wp:attachment":[{"href":"https:\/\/lajara.it\/fr\/wp-json\/wp\/v2\/media?parent=3666"}],"wp:term":[{"taxonomy":"category","embeddable":true,"href":"https:\/\/lajara.it\/fr\/wp-json\/wp\/v2\/categories?post=3666"},{"taxonomy":"post_tag","embeddable":true,"href":"https:\/\/lajara.it\/fr\/wp-json\/wp\/v2\/tags?post=3666"}],"curies":[{"name":"wp","href":"https:\/\/api.w.org\/{rel}","templated":true}]}}