{"id":1559,"date":"2021-07-27T12:34:58","date_gmt":"2021-07-27T10:34:58","guid":{"rendered":"http:\/\/lajara.test:9999\/la-jara-vini-biologici-al-prowein-2017\/"},"modified":"2021-11-26T16:37:06","modified_gmt":"2021-11-26T15:37:06","slug":"la-jara-organic-wines-at-prowein-2017","status":"publish","type":"post","link":"https:\/\/lajara.it\/en\/la-jara-organic-wines-at-prowein-2017\/","title":{"rendered":"La Jara Organic Wines at Prowein 2017"},"content":{"rendered":"\n<p>Prowein 2017 is approaching and we\u2019re getting ready to present our collection of Organic Wines at the fair.<br>Come visit us in<strong> Hall 15 at Stand D41,&nbsp;<\/strong>&nbsp;inside the exbition <strong>area of U.VI.VE<\/strong> Unione Consorzi Vini Veneti DOC e DOCG&nbsp;and taste our distinctive Bubbles.<\/p>\n\n\n\n<p>We\u2019ll present our collection of <strong>Organic Sparkling Wines<\/strong>.<\/p>\n\n\n\n<p>We offer Prosecco DOC in three versions Brut, Extra Dry and Dry. These wines are made from 100% organic Glera grapes. Prosecco La Jara shows a more complex character, richer bouquet and outstanding freshness due to the terroir pecularity : the soil is compounded of limestones.<\/p>\n\n\n\n<p>In adittion to our Prosecco, we produce Pinot Grigio Ros\u00e9 Brut, Zero Assoluto Extra Brut (with zero dosage), Spumante Bianco Special Cuv\u00e9e and Ros\u00e9 Dolce Moscato Rosa.<\/p>\n\n\n\n<p>Our Pinot Grigio Ros\u00e9 Brut, obtained from organic pink-skinned Pinot Grigio grapes, has real finesse and authenticity. This sparkling Ros\u00e9 \u00a0is a wine with a great personality and versatility; shows a fruity taste, it is\u00a0well balanced and very pleasant to drink. Its colour is unique light <em>ros\u00e9<\/em>\u00a0pink, refined and fascinating.<br>The\u00a0character of the wine is brought through a soft maceration on the skins and re-fermenatation in autoclave.<\/p>\n\n\n\n<p>Our Zero Assoluto Extra Brut with zero dosage is a product proposal we are very proud of: an organic sparkling wine with zero sugar content obtained throught a totally natural vinification process. Zero Assoluto is fresh, lively and clean. Outstanding with seafood.<\/p>\n\n\n\n<p>Our Spumante Bianco Special Cuv\u00e9e is a blend of 90% Glera grapes and 10% Chardonnay. Fruity and floral bouquet, fresh taste, very pleasant and easy to drink.<\/p>\n\n\n\n<p>Curious to discover La Jara wines? We\u2019ll bring the entire range for tasting at Prowein 2017.<\/p>\n\n\n\n<p>Let\u2019s meet there!<\/p>\n","protected":false},"excerpt":{"rendered":"<p>Prowein 2017 is approaching and we\u2019re getting ready to present our collection of Organic Wines at the fair.Come visit us in Hall 15 at Stand D41,&nbsp;&nbsp;inside the exbition area of U.VI.VE Unione Consorzi Vini Veneti DOC e DOCG&nbsp;and taste our distinctive Bubbles. We\u2019ll present our collection of Organic Sparkling Wines. We offer Prosecco DOC in &hellip; <a href=\"https:\/\/lajara.it\/en\/la-jara-organic-wines-at-prowein-2017\/\">Continued<\/a><\/p>\n","protected":false},"author":1,"featured_media":798,"comment_status":"closed","ping_status":"open","sticky":false,"template":"","format":"standard","meta":{"footnotes":""},"categories":[54],"tags":[],"class_list":["post-1559","post","type-post","status-publish","format-standard","has-post-thumbnail","hentry","category-news-events-en"],"acf":[],"yoast_head":"<!-- This site is optimized with the Yoast SEO plugin v21.7 - https:\/\/yoast.com\/wordpress\/plugins\/seo\/ -->\n<title>La Jara Organic Wines at Prowein 2017 | La Jara<\/title>\n<meta name=\"robots\" content=\"index, follow, max-snippet:-1, max-image-preview:large, max-video-preview:-1\" \/>\n<link rel=\"canonical\" href=\"https:\/\/lajara.it\/en\/la-jara-organic-wines-at-prowein-2017\/\" \/>\n<meta property=\"og:locale\" content=\"en_US\" \/>\n<meta property=\"og:type\" content=\"article\" \/>\n<meta property=\"og:title\" content=\"La Jara Organic Wines at Prowein 2017 | La Jara\" \/>\n<meta property=\"og:description\" content=\"Prowein 2017 is approaching and we\u2019re getting ready to present our collection of Organic Wines at the fair.Come visit us in Hall 15 at Stand D41,&nbsp;&nbsp;inside the exbition area of U.VI.VE Unione Consorzi Vini Veneti DOC e DOCG&nbsp;and taste our distinctive Bubbles. We\u2019ll present our collection of Organic Sparkling Wines. We offer Prosecco DOC in &hellip; Continued\" \/>\n<meta property=\"og:url\" content=\"https:\/\/lajara.it\/en\/la-jara-organic-wines-at-prowein-2017\/\" \/>\n<meta property=\"og:site_name\" content=\"La Jara\" \/>\n<meta property=\"article:published_time\" content=\"2021-07-27T10:34:58+00:00\" \/>\n<meta property=\"article:modified_time\" content=\"2021-11-26T15:37:06+00:00\" \/>\n<meta property=\"og:image\" content=\"https:\/\/lajara.it\/wp-content\/uploads\/2021\/07\/organic-wines-La-Jara-at-Prowein-2017.jpg\" \/>\n\t<meta property=\"og:image:width\" content=\"900\" \/>\n\t<meta property=\"og:image:height\" content=\"600\" \/>\n\t<meta property=\"og:image:type\" content=\"image\/jpeg\" \/>\n<meta name=\"author\" content=\"admin0k\" \/>\n<meta name=\"twitter:card\" content=\"summary_large_image\" \/>\n<meta name=\"twitter:label1\" content=\"Written by\" \/>\n\t<meta name=\"twitter:data1\" content=\"admin0k\" \/>\n\t<meta name=\"twitter:label2\" content=\"Est. reading time\" \/>\n\t<meta name=\"twitter:data2\" content=\"2 minutes\" \/>\n<script type=\"application\/ld+json\" class=\"yoast-schema-graph\">{\"@context\":\"https:\/\/schema.org\",\"@graph\":[{\"@type\":\"Article\",\"@id\":\"https:\/\/lajara.it\/en\/la-jara-organic-wines-at-prowein-2017\/#article\",\"isPartOf\":{\"@id\":\"https:\/\/lajara.it\/en\/la-jara-organic-wines-at-prowein-2017\/\"},\"author\":{\"name\":\"admin0k\",\"@id\":\"https:\/\/lajara.it\/en\/#\/schema\/person\/77a0b98df7200d4cbf487b1643499ad7\"},\"headline\":\"La Jara Organic Wines at Prowein 2017\",\"datePublished\":\"2021-07-27T10:34:58+00:00\",\"dateModified\":\"2021-11-26T15:37:06+00:00\",\"mainEntityOfPage\":{\"@id\":\"https:\/\/lajara.it\/en\/la-jara-organic-wines-at-prowein-2017\/\"},\"wordCount\":294,\"publisher\":{\"@id\":\"https:\/\/lajara.it\/en\/#organization\"},\"articleSection\":[\"News &amp; Events\"],\"inLanguage\":\"en-US\"},{\"@type\":\"WebPage\",\"@id\":\"https:\/\/lajara.it\/en\/la-jara-organic-wines-at-prowein-2017\/\",\"url\":\"https:\/\/lajara.it\/en\/la-jara-organic-wines-at-prowein-2017\/\",\"name\":\"La Jara Organic Wines at Prowein 2017 | La Jara\",\"isPartOf\":{\"@id\":\"https:\/\/lajara.it\/en\/#website\"},\"datePublished\":\"2021-07-27T10:34:58+00:00\",\"dateModified\":\"2021-11-26T15:37:06+00:00\",\"breadcrumb\":{\"@id\":\"https:\/\/lajara.it\/en\/la-jara-organic-wines-at-prowein-2017\/#breadcrumb\"},\"inLanguage\":\"en-US\",\"potentialAction\":[{\"@type\":\"ReadAction\",\"target\":[\"https:\/\/lajara.it\/en\/la-jara-organic-wines-at-prowein-2017\/\"]}]},{\"@type\":\"BreadcrumbList\",\"@id\":\"https:\/\/lajara.it\/en\/la-jara-organic-wines-at-prowein-2017\/#breadcrumb\",\"itemListElement\":[{\"@type\":\"ListItem\",\"position\":1,\"name\":\"Home\",\"item\":\"https:\/\/lajara.it\/en\/\"},{\"@type\":\"ListItem\",\"position\":2,\"name\":\"La Jara Organic Wines at Prowein 2017\"}]},{\"@type\":\"WebSite\",\"@id\":\"https:\/\/lajara.it\/en\/#website\",\"url\":\"https:\/\/lajara.it\/en\/\",\"name\":\"La Jara\",\"description\":\"Dedizione e passione al servizio della terra\",\"publisher\":{\"@id\":\"https:\/\/lajara.it\/en\/#organization\"},\"potentialAction\":[{\"@type\":\"SearchAction\",\"target\":{\"@type\":\"EntryPoint\",\"urlTemplate\":\"https:\/\/lajara.it\/en\/?s={search_term_string}\"},\"query-input\":\"required name=search_term_string\"}],\"inLanguage\":\"en-US\"},{\"@type\":\"Organization\",\"@id\":\"https:\/\/lajara.it\/en\/#organization\",\"name\":\"La Jara\",\"url\":\"https:\/\/lajara.it\/en\/\",\"logo\":{\"@type\":\"ImageObject\",\"inLanguage\":\"en-US\",\"@id\":\"https:\/\/lajara.it\/en\/#\/schema\/logo\/image\/\",\"url\":\"https:\/\/lajara.it\/wp-content\/uploads\/2023\/12\/logo-1.png\",\"contentUrl\":\"https:\/\/lajara.it\/wp-content\/uploads\/2023\/12\/logo-1.png\",\"width\":780,\"height\":780,\"caption\":\"La Jara\"},\"image\":{\"@id\":\"https:\/\/lajara.it\/en\/#\/schema\/logo\/image\/\"}},{\"@type\":\"Person\",\"@id\":\"https:\/\/lajara.it\/en\/#\/schema\/person\/77a0b98df7200d4cbf487b1643499ad7\",\"name\":\"admin0k\",\"image\":{\"@type\":\"ImageObject\",\"inLanguage\":\"en-US\",\"@id\":\"https:\/\/lajara.it\/en\/#\/schema\/person\/image\/\",\"url\":\"https:\/\/secure.gravatar.com\/avatar\/15829714ade181f443b5babbcfd2f8634d06590561563a123f796b592ab3d0fc?s=96&d=mm&r=g\",\"contentUrl\":\"https:\/\/secure.gravatar.com\/avatar\/15829714ade181f443b5babbcfd2f8634d06590561563a123f796b592ab3d0fc?s=96&d=mm&r=g\",\"caption\":\"admin0k\"}}]}<\/script>\n<!-- \/ Yoast SEO plugin. -->","yoast_head_json":{"title":"La Jara Organic Wines at Prowein 2017 | La Jara","robots":{"index":"index","follow":"follow","max-snippet":"max-snippet:-1","max-image-preview":"max-image-preview:large","max-video-preview":"max-video-preview:-1"},"canonical":"https:\/\/lajara.it\/en\/la-jara-organic-wines-at-prowein-2017\/","og_locale":"en_US","og_type":"article","og_title":"La Jara Organic Wines at Prowein 2017 | La Jara","og_description":"Prowein 2017 is approaching and we\u2019re getting ready to present our collection of Organic Wines at the fair.Come visit us in Hall 15 at Stand D41,&nbsp;&nbsp;inside the exbition area of U.VI.VE Unione Consorzi Vini Veneti DOC e DOCG&nbsp;and taste our distinctive Bubbles. We\u2019ll present our collection of Organic Sparkling Wines. We offer Prosecco DOC in &hellip; Continued","og_url":"https:\/\/lajara.it\/en\/la-jara-organic-wines-at-prowein-2017\/","og_site_name":"La Jara","article_published_time":"2021-07-27T10:34:58+00:00","article_modified_time":"2021-11-26T15:37:06+00:00","og_image":[{"width":900,"height":600,"url":"https:\/\/lajara.it\/wp-content\/uploads\/2021\/07\/organic-wines-La-Jara-at-Prowein-2017.jpg","type":"image\/jpeg"}],"author":"admin0k","twitter_card":"summary_large_image","twitter_misc":{"Written by":"admin0k","Est. reading time":"2 minutes"},"schema":{"@context":"https:\/\/schema.org","@graph":[{"@type":"Article","@id":"https:\/\/lajara.it\/en\/la-jara-organic-wines-at-prowein-2017\/#article","isPartOf":{"@id":"https:\/\/lajara.it\/en\/la-jara-organic-wines-at-prowein-2017\/"},"author":{"name":"admin0k","@id":"https:\/\/lajara.it\/en\/#\/schema\/person\/77a0b98df7200d4cbf487b1643499ad7"},"headline":"La Jara Organic Wines at Prowein 2017","datePublished":"2021-07-27T10:34:58+00:00","dateModified":"2021-11-26T15:37:06+00:00","mainEntityOfPage":{"@id":"https:\/\/lajara.it\/en\/la-jara-organic-wines-at-prowein-2017\/"},"wordCount":294,"publisher":{"@id":"https:\/\/lajara.it\/en\/#organization"},"articleSection":["News &amp; Events"],"inLanguage":"en-US"},{"@type":"WebPage","@id":"https:\/\/lajara.it\/en\/la-jara-organic-wines-at-prowein-2017\/","url":"https:\/\/lajara.it\/en\/la-jara-organic-wines-at-prowein-2017\/","name":"La Jara Organic Wines at Prowein 2017 | La Jara","isPartOf":{"@id":"https:\/\/lajara.it\/en\/#website"},"datePublished":"2021-07-27T10:34:58+00:00","dateModified":"2021-11-26T15:37:06+00:00","breadcrumb":{"@id":"https:\/\/lajara.it\/en\/la-jara-organic-wines-at-prowein-2017\/#breadcrumb"},"inLanguage":"en-US","potentialAction":[{"@type":"ReadAction","target":["https:\/\/lajara.it\/en\/la-jara-organic-wines-at-prowein-2017\/"]}]},{"@type":"BreadcrumbList","@id":"https:\/\/lajara.it\/en\/la-jara-organic-wines-at-prowein-2017\/#breadcrumb","itemListElement":[{"@type":"ListItem","position":1,"name":"Home","item":"https:\/\/lajara.it\/en\/"},{"@type":"ListItem","position":2,"name":"La Jara Organic Wines at Prowein 2017"}]},{"@type":"WebSite","@id":"https:\/\/lajara.it\/en\/#website","url":"https:\/\/lajara.it\/en\/","name":"La Jara","description":"Dedizione e passione al servizio della terra","publisher":{"@id":"https:\/\/lajara.it\/en\/#organization"},"potentialAction":[{"@type":"SearchAction","target":{"@type":"EntryPoint","urlTemplate":"https:\/\/lajara.it\/en\/?s={search_term_string}"},"query-input":"required name=search_term_string"}],"inLanguage":"en-US"},{"@type":"Organization","@id":"https:\/\/lajara.it\/en\/#organization","name":"La Jara","url":"https:\/\/lajara.it\/en\/","logo":{"@type":"ImageObject","inLanguage":"en-US","@id":"https:\/\/lajara.it\/en\/#\/schema\/logo\/image\/","url":"https:\/\/lajara.it\/wp-content\/uploads\/2023\/12\/logo-1.png","contentUrl":"https:\/\/lajara.it\/wp-content\/uploads\/2023\/12\/logo-1.png","width":780,"height":780,"caption":"La Jara"},"image":{"@id":"https:\/\/lajara.it\/en\/#\/schema\/logo\/image\/"}},{"@type":"Person","@id":"https:\/\/lajara.it\/en\/#\/schema\/person\/77a0b98df7200d4cbf487b1643499ad7","name":"admin0k","image":{"@type":"ImageObject","inLanguage":"en-US","@id":"https:\/\/lajara.it\/en\/#\/schema\/person\/image\/","url":"https:\/\/secure.gravatar.com\/avatar\/15829714ade181f443b5babbcfd2f8634d06590561563a123f796b592ab3d0fc?s=96&d=mm&r=g","contentUrl":"https:\/\/secure.gravatar.com\/avatar\/15829714ade181f443b5babbcfd2f8634d06590561563a123f796b592ab3d0fc?s=96&d=mm&r=g","caption":"admin0k"}}]}},"_links":{"self":[{"href":"https:\/\/lajara.it\/en\/wp-json\/wp\/v2\/posts\/1559","targetHints":{"allow":["GET"]}}],"collection":[{"href":"https:\/\/lajara.it\/en\/wp-json\/wp\/v2\/posts"}],"about":[{"href":"https:\/\/lajara.it\/en\/wp-json\/wp\/v2\/types\/post"}],"author":[{"embeddable":true,"href":"https:\/\/lajara.it\/en\/wp-json\/wp\/v2\/users\/1"}],"replies":[{"embeddable":true,"href":"https:\/\/lajara.it\/en\/wp-json\/wp\/v2\/comments?post=1559"}],"version-history":[{"count":2,"href":"https:\/\/lajara.it\/en\/wp-json\/wp\/v2\/posts\/1559\/revisions"}],"predecessor-version":[{"id":2083,"href":"https:\/\/lajara.it\/en\/wp-json\/wp\/v2\/posts\/1559\/revisions\/2083"}],"wp:featuredmedia":[{"embeddable":true,"href":"https:\/\/lajara.it\/en\/wp-json\/wp\/v2\/media\/798"}],"wp:attachment":[{"href":"https:\/\/lajara.it\/en\/wp-json\/wp\/v2\/media?parent=1559"}],"wp:term":[{"taxonomy":"category","embeddable":true,"href":"https:\/\/lajara.it\/en\/wp-json\/wp\/v2\/categories?post=1559"},{"taxonomy":"post_tag","embeddable":true,"href":"https:\/\/lajara.it\/en\/wp-json\/wp\/v2\/tags?post=1559"}],"curies":[{"name":"wp","href":"https:\/\/api.w.org\/{rel}","templated":true}]}}